{"id":12667,"date":"2026-08-29T12:48:41","date_gmt":"2026-08-29T08:48:41","guid":{"rendered":"https:\/\/tschaikowsky-saal.de\/?p=12667"},"modified":"2026-08-29T12:50:29","modified_gmt":"2026-08-29T08:50:29","slug":"samstag-28-november-2026-19-30-uhr","status":"publish","type":"post","link":"https:\/\/tschaikowsky-saal.de\/de\/samstag-28-november-2026-19-30-uhr\/","title":{"rendered":"Samstag, 28. November 2026, 19.30 Uhr"},"content":{"rendered":"<p><a href=\"https:\/\/tschaikowsky-saal.de\/wp-content\/uploads\/2026\/08\/image0-1-scaled.jpeg\" data-rel=\"lightbox-image-0\" data-rl_title=\"\" data-rl_caption=\"\" title=\"\"><img loading=\"lazy\" decoding=\"async\" class=\"aligncenter wp-image-12668\" src=\"https:\/\/tschaikowsky-saal.de\/wp-content\/uploads\/2026\/08\/image0-1-213x300.jpeg\" alt=\"\" width=\"231\" height=\"325\" srcset=\"https:\/\/tschaikowsky-saal.de\/wp-content\/uploads\/2026\/08\/image0-1-213x300.jpeg 213w, https:\/\/tschaikowsky-saal.de\/wp-content\/uploads\/2026\/08\/image0-1-727x1024.jpeg 727w, https:\/\/tschaikowsky-saal.de\/wp-content\/uploads\/2026\/08\/image0-1-768x1081.jpeg 768w, https:\/\/tschaikowsky-saal.de\/wp-content\/uploads\/2026\/08\/image0-1-1091x1536.jpeg 1091w, https:\/\/tschaikowsky-saal.de\/wp-content\/uploads\/2026\/08\/image0-1-1454x2048.jpeg 1454w, https:\/\/tschaikowsky-saal.de\/wp-content\/uploads\/2026\/08\/image0-1-scaled.jpeg 1818w\" sizes=\"auto, (max-width: 231px) 100vw, 231px\" \/><\/a><\/p>\n<p>\u201eDistance de F\u00e9e\u201c ist der Titel eines Gedichts von Shuzo Takiguchi. Darauf bezieht sich Takemitsu in seinem gleichnamigen Werk, das zu seinen bekanntesten kammermusikalischen St\u00fccken geh\u00f6rt. Wir sagen \u201epoetisch\u201c, wenn uns etwas auf besonders emotionale Weise ber\u00fchrt. Tut das auch die Musik von Schubert, Franck oder Bartok? Das in Berlin ans\u00e4ssiges, mehrfach ausgezeichnetes Fiony Duo meint eindeutig &#8211; ja! Herzliche Einladung zum wahrlich poetischen Abend mit Musik aus verschiedenen Epochen.<\/p>\n<p><strong>Programm<\/strong><\/p>\n<p><strong>Franz Schubert \/ 1797 \u2013 1828\u00a0<\/strong>\u00a0\u00a0 \u00a0Sonatine f\u00fcr Violine und Klavier Nr. 1 D 384 op. 137<\/p>\n<p><strong>B\u00e9la Bart\u00f3k \/ 1881 \u2013 1945<\/strong>\u00a0 \u00a0 Sonate f\u00fcr Violine und Klavier Nr. 2<\/p>\n<p><strong>Toru Takemitsu \/ 1930 \u2013 1996<\/strong>\u00a0 \u00a0 Distance de F\u00e9e<\/p>\n<p>Pause<\/p>\n<p><strong>C\u00e9sar Franck \/ 1822 \u2013 1890\u00a0<\/strong>\u00a0\u00a0 Sonate f\u00fcr Violine und Klavier in A-Dur<\/p>\n<p><strong>\u00dcber das Duo<\/strong><\/p>\n<p>Das Fiony Duo wurde 2022 an der Universit\u00e4t der K\u00fcnste Berlin gegr\u00fcndet. Beide Musikerinnen sind auch als Solistinnen aktiv, doch ihre Begeisterung f\u00fcr die Kammermusik hat sie zusammengef\u00fchrt. Schnell entwickelte sich das Fiony Duo zu einem Ensemble von internationalem Ruf. Bereits im Jahr 2022 wurde das Duo beim Luigi Nono International Chamber Music Competition in Turin, Italien, ausgezeichnet. 2023 gewannen die beiden Virtuosinnen den 3. Preis beim Ilmari Hannikainen Piano Chamber Music Competition in Jyv\u00e4skyl\u00e4, Finnland. Im Finale des Wettbewerbs spielten sie zusammen mit der Jyv\u00e4skyl\u00e4 Sinfonia unter der Leitung von Jan S\u00f6derblom das Konzert f\u00fcr Violine, Klavier und Orchester von Bohuslav Martin\u016f. Im selben Jahr erhielten sie au\u00dferdem den 2. Preis beim Premio Annarosa Taddei Chamber Music Competition in Rom, Italien. 2024 waren sie Finalistinnen beim Ant\u00f3n Garc\u00eda Abril International Chamber Music Competition in Baza, Spanien. 2025 gewannen sie den 1. Preis beim \u201eII Gasparo da Sal\u00f2\u201c Chamber Music Competition in Brescia, Italien. Weitere H\u00f6hepunkte der noch jungen Karriere des Fiony Duos waren Konzerte in der Japanischen Botschaft in Berlin und Tourneen nach Japan. Ihre musikalischen Berater sind Prof. Erika Geldsetzer (Faur\u00e9 Quartett), Prof. Gregor Sigl (Artemis Quartett) und der Pianist Frank-Immo Zichner.<\/p>\n<p><strong>Tickets<\/strong><\/p>\n<p><strong>VVK<\/strong>: 18 Euro\/erm. 10 Euro zzgl. Kassengeb\u00fchren<strong><br \/>\n<\/strong><a href=\"https:\/\/www.konzertkassegerdes.de\/index.php?option=com_rseventspro&amp;layout=show&amp;id=3865:l-amour-et-la-mort-hermine-may-mezzosopran-und-manuel-lange-klavier&amp;Itemid=161\">Konzertkasse Gerdes<\/a>\u00a0\/ 040 \u2013 44 02 98 \/ Alle Vorverkaufsstellen<br \/>\n<strong>Abendkasse<\/strong>: 20 Euro\/erm. 12 Euro<br \/>\nErm\u00e4\u00dfigung hat ihre G\u00fcltigkeit f\u00fcr Studenten und Menschen mit Behinderungen und Sozialhilfeempf\u00e4nger unter Vorlage des entsprechenden Nachweises. Kinder unter 14 Jahren haben freien Eintritt.<\/p>\n<p><strong>Reservierung<\/strong>:<br \/>\nper E-Mail info@tsaal.de<\/p>\n<p>&nbsp;<\/p>","protected":false},"excerpt":{"rendered":"<p>Poetisch \u2013 Werke f\u00fcr Violine und Klavier. Fiony Duo<span class=\"entry-read-more\"><a href=\"https:\/\/tschaikowsky-saal.de\/de\/samstag-28-november-2026-19-30-uhr\/\" class=\"cs-btn cs-btn-flat cs-btn-rounded cs-btn-xxs cs-btn-flat-accent\">Weiterlesen<\/a><\/span><\/p>\n","protected":false},"author":6,"featured_media":12668,"comment_status":"open","ping_status":"closed","sticky":false,"template":"","format":"standard","meta":{"_jetpack_newsletter_access":"","_jetpack_dont_email_post_to_subs":false,"_jetpack_newsletter_tier_id":0,"_jetpack_memberships_contains_paywalled_content":false,"_jetpack_feature_clip_id":0,"_jetpack_memberships_contains_paid_content":false,"footnotes":"","jetpack_publicize_message":"","jetpack_publicize_feature_enabled":true,"jetpack_social_post_already_shared":true,"jetpack_social_options":{"image_generator_settings":{"template":"highway","default_image_id":0,"font":"","enabled":false},"version":2},"jetpack_post_was_ever_published":false},"categories":[36],"tags":[],"class_list":["post-12667","post","type-post","status-publish","format-standard","has-post-thumbnail","hentry","category-programma-kontsertov"],"jetpack_publicize_connections":[],"jetpack_sharing_enabled":true,"jetpack_shortlink":"https:\/\/wp.me\/p5HoJ6-3ij","jetpack_featured_media_url":"https:\/\/tschaikowsky-saal.de\/wp-content\/uploads\/2026\/08\/image0-1-scaled.jpeg","_links":{"self":[{"href":"https:\/\/tschaikowsky-saal.de\/de\/wp-json\/wp\/v2\/posts\/12667","targetHints":{"allow":["GET"]}}],"collection":[{"href":"https:\/\/tschaikowsky-saal.de\/de\/wp-json\/wp\/v2\/posts"}],"about":[{"href":"https:\/\/tschaikowsky-saal.de\/de\/wp-json\/wp\/v2\/types\/post"}],"author":[{"embeddable":true,"href":"https:\/\/tschaikowsky-saal.de\/de\/wp-json\/wp\/v2\/users\/6"}],"replies":[{"embeddable":true,"href":"https:\/\/tschaikowsky-saal.de\/de\/wp-json\/wp\/v2\/comments?post=12667"}],"version-history":[{"count":2,"href":"https:\/\/tschaikowsky-saal.de\/de\/wp-json\/wp\/v2\/posts\/12667\/revisions"}],"predecessor-version":[{"id":12670,"href":"https:\/\/tschaikowsky-saal.de\/de\/wp-json\/wp\/v2\/posts\/12667\/revisions\/12670"}],"wp:featuredmedia":[{"embeddable":true,"href":"https:\/\/tschaikowsky-saal.de\/de\/wp-json\/wp\/v2\/media\/12668"}],"wp:attachment":[{"href":"https:\/\/tschaikowsky-saal.de\/de\/wp-json\/wp\/v2\/media?parent=12667"}],"wp:term":[{"taxonomy":"category","embeddable":true,"href":"https:\/\/tschaikowsky-saal.de\/de\/wp-json\/wp\/v2\/categories?post=12667"},{"taxonomy":"post_tag","embeddable":true,"href":"https:\/\/tschaikowsky-saal.de\/de\/wp-json\/wp\/v2\/tags?post=12667"}],"curies":[{"name":"wp","href":"https:\/\/api.w.org\/{rel}","templated":true}]}}