{"id":12233,"date":"2025-02-08T19:50:01","date_gmt":"2025-02-08T15:50:01","guid":{"rendered":"https:\/\/tschaikowsky-saal.de\/?p=12233"},"modified":"2025-05-20T22:07:23","modified_gmt":"2025-05-20T18:07:23","slug":"donnerstag-15-mai-2025-19-30-uhr","status":"publish","type":"post","link":"https:\/\/tschaikowsky-saal.de\/de\/donnerstag-15-mai-2025-19-30-uhr\/","title":{"rendered":"Donnerstag, 15. Mai 2025, 19.30 Uhr"},"content":{"rendered":"<p><a href=\"https:\/\/tschaikowsky-saal.de\/wp-content\/uploads\/2025\/02\/Ensemblefoto-Sophia-Hegewald-scaled.jpeg\" data-rel=\"lightbox-image-0\" data-rl_title=\"\" data-rl_caption=\"\" title=\"\"><img loading=\"lazy\" decoding=\"async\" class=\"aligncenter wp-image-12234\" src=\"https:\/\/tschaikowsky-saal.de\/wp-content\/uploads\/2025\/02\/Ensemblefoto-Sophia-Hegewald-300x200.jpeg\" alt=\"\" width=\"312\" height=\"208\" srcset=\"https:\/\/tschaikowsky-saal.de\/wp-content\/uploads\/2025\/02\/Ensemblefoto-Sophia-Hegewald-300x200.jpeg 300w, https:\/\/tschaikowsky-saal.de\/wp-content\/uploads\/2025\/02\/Ensemblefoto-Sophia-Hegewald-1024x683.jpeg 1024w, https:\/\/tschaikowsky-saal.de\/wp-content\/uploads\/2025\/02\/Ensemblefoto-Sophia-Hegewald-768x512.jpeg 768w, https:\/\/tschaikowsky-saal.de\/wp-content\/uploads\/2025\/02\/Ensemblefoto-Sophia-Hegewald-1536x1024.jpeg 1536w, https:\/\/tschaikowsky-saal.de\/wp-content\/uploads\/2025\/02\/Ensemblefoto-Sophia-Hegewald-2048x1365.jpeg 2048w\" sizes=\"auto, (max-width: 312px) 100vw, 312px\" \/><\/a><\/p>\n<p style=\"text-align: center;\">\u00a9 Sophia Hegewald<\/p>\n<p>Die eng verbundene kammermusikalische Zusammenarbeit der beiden K\u00fcnstlerinnen basiert auf der Faszination f\u00fcr Formate, bei denen sich Kunstformen und Genres begegnen.\u00a0Auf der Suche nach unentdecktem Repertoire und mit Experimentierfreude am Arrangement \u00fcberschreiten Teresa Emilia Raff und Anne Sophie Keckeis Grenzen und schaffen eine Klangwelt, die von \u00dcberraschungen gepr\u00e4gt ist.<\/p>\n<p>In eigens arrangierten Liedkompositionen loten die K\u00fcnstlerinnen mit Harfe und Cello die Innenwelt Liebender aus. Im Vordergrund steht die Emotionalit\u00e4t der Kompositionen von Clara Schumann, Johanna Kinkel, Gustav Mahler und Dora Pejacevic &#8211; pr\u00e4sentiert als Vokalisen. Den Rahmen bildet die Arpeggione Sonate von Franz Schubert, dem \u201cErfinder der Gattung Kunstlied\u201d, ein Werk in st\u00e4ndigem Wechsel zwischen Heiterkeit und Melancholie. \u201cLiebst Du?\u201d ist ein intimes Konzertprogramm, das die Liebe feiert!<\/p>\n<p><strong>Programm<\/strong><\/p>\n<p><strong>J. Kinkel \/ 1810 \u2013 1858<\/strong>\u00a0 \u201eAbendfeier\u201c<\/p>\n<p><strong>J. Kinkel<\/strong>\u00a0 \u201eDu nahst\u201c<\/p>\n<p><strong>D. Peja\u010devi\u0107 \/ 1885 \u2013 1923<\/strong>\u00a0 \u201eWarum?\u201c<\/p>\n<p><strong>J. Kinkel<\/strong>\u00a0 \u201eWunsch\u201c<\/p>\n<p><strong>F. Schubert \/ 1797 \u2013 1828<\/strong>\u00a0 Sonate \u201eArpeggione\u201c, 1 Satz<\/p>\n<p><strong>J. Kinkel<\/strong>\u00a0 \u201eDie Geister haben`s vernommen\u201c<\/p>\n<p><strong>J. Kinkel<\/strong>\u00a0 \u201eLorelei\u201c<\/p>\n<p><strong>H. Reni\u00e9 \/ 1875 \u2013 1956<\/strong>\u00a0 Andante Religioso<\/p>\n<p><strong>F. Schubert<\/strong>\u00a0 \u00a0Sonate \u201eArpeggione\u201c 2 und 3 Satz<\/p>\n<p><strong>D. Peja\u010devi\u0107<\/strong>\u00a0 \u00a0\u201eUm bei Dir zu sein\u201c<\/p>\n<p><strong>C. Schumann \/ 1819 &#8211; 1896<\/strong>\u00a0 \u201eLiebst Du um Sch\u00f6nheit?\u201c<\/p>\n<p><strong>G. Mahler \/ 1860 \u2013 1911<\/strong>\u00a0 \u201eIch bin der Welt abhanden gekommen\u201c<\/p>\n<p><strong>\u00dcber die K\u00fcnstlerinnen<\/strong><\/p>\n<p>Die Harfenistin <strong>Teresa Emilia Raff<\/strong> sieht in ihrem Instrument einen Seismografen f\u00fcr menschliche Empfindungen. \u00bbDie Harfe hat einen solchen Reichtum an Resonanzen, das ich auf ihr ein ganz breites Spektrum\u00a0an Emotionen ausdr\u00fccken kann\u00ab, sagt die freischaffende Musikerin, die seit vielen Jahren in Berlin lebt. Dort schmiedet Raff Allianzen mit K\u00fcnstler:innen verschiedenster Genres, von klassischer Musik \u00fcber Jazz bis zu Techno. Was sie antreibt und inspiriert,\u00a0ist, sich mit anderen Menschen zu verbinden \u2013 jenen auf der B\u00fchne genauso wie jenen im Publikum. Ihre musikalische Ausbildung erhielt Teresa Raff in Salzburg und London. Als klassische Harfenistin hat Raff in dieser Saison Engagements unter anderem bei der Staatskapelle Berlin, dem Deutschen Symphonie-Orchester Berlin, der Kammerakademie Potsdam, dem Stuttgarter Kammerorchester und ensemble reflektor. Seit 2023 ist sie Stipendiatin der Concerto21 Stiftung, mit deren Unterst\u00fctzung sie \u00fcber drei Jahre hinweg ihre k\u00fcnstlerischen Visionen weiterentwickeln und umsetzen kann. Im Fr\u00fchsommer 2024 steht die Premiere eines ersten Soloprogramms f\u00fcr Harfe beim Podiumfestival Esslingen an, das unter dem Titel \u00bbAllein mit dem Rest der Welt\u00ab steht. In diesem Jahr wird sie zudem im aufregenden Ensemble der jungen Komponistin und Bandleaderin Fabia Mantwill beim renommierten Festival JazzBaltica die Harfe spielen und im Duo mit der Bassposaunistin Maxine Troglauer beim Beethovenfest Bonn auftreten.<\/p>\n<p>Die \u00f6sterreichische Cellistin <strong>Anne Sophie Keckeis<\/strong> studierte in Salzburg und Stuttgart, wo sie 2022 ihr Masterstudium mit Auszeichnung absolvierte. Sie legt gro\u00dfen Wert auf Kammermusik und spielt regelm\u00e4\u00dfig in verschiedenen Formationen, insbesondere mit dem international preisgek\u00fcrten \u201eaccio piano trio\u201c. Anne Sophie Keckeis war Akademistin bei den M\u00fcnchner Philharmonikern, sie ist Alumna der Gustav Mahler Academy, der Zermatt Festival Academy und der Moritzburg Festival Academy. Sie spielt u.a. bei den M\u00fcnchner Philharmonikern, Rundfunkorchester M\u00fcnchen, Hamburger Symphonikern und ensemble reflektor. Einen Schwerpunkt ihres Schaffens setzt sie als Dramaturgische Direktorin und Teil des HIDALGO \u2013 Kollektivs und auf interdisziplin\u00e4re Zusammenarbeit und alternative Konzertformate. In der Saison 2022\/2023 stand sie als Performerin in \u201cLA FEMME\u201d am Theater Erfurt auf der B\u00fchne, weitere Auftritte f\u00fchren sie u.a. zum Heidelberger Fr\u00fchling und zum PODIUM Festival Esslingen<\/p>\n<p><strong>Tickets<\/strong><\/p>\n<p><strong>VVK<\/strong>: 18 Euro\/erm. 10 Euro zzgl. Kassengeb\u00fchren<strong><br \/>\n<\/strong><a href=\"https:\/\/www.konzertkassegerdes.de\/\">Konzertkasse Gerdes<\/a>\u00a0\/ 040 \u2013 44 02 98 \/ Alle Vorverkaufsstellen<br \/>\n<strong>Abendkasse<\/strong>: 20 Euro\/erm. 12 Euro<br \/>\nErm\u00e4\u00dfigung hat ihre G\u00fcltigkeit f\u00fcr Studenten und Menschen mit Behinderungen und Sozialhilfeempf\u00e4nger unter Vorlage des entsprechenden Nachweises.<br \/>\n<strong>Reservierung<\/strong>:<br \/>\nper E-Mail\u00a0info@tsaal.de<\/p>","protected":false},"excerpt":{"rendered":"<p>Liebst du? Anne Keckeis (Cello) &#038; Teresa Raff (Harfe)<span class=\"entry-read-more\"><a href=\"https:\/\/tschaikowsky-saal.de\/de\/donnerstag-15-mai-2025-19-30-uhr\/\" class=\"cs-btn cs-btn-flat cs-btn-rounded cs-btn-xxs cs-btn-flat-accent\">Weiterlesen<\/a><\/span><\/p>\n","protected":false},"author":6,"featured_media":12234,"comment_status":"open","ping_status":"closed","sticky":false,"template":"","format":"standard","meta":{"jetpack_post_was_ever_published":false,"_jetpack_newsletter_access":"","_jetpack_dont_email_post_to_subs":false,"_jetpack_newsletter_tier_id":0,"_jetpack_memberships_contains_paywalled_content":false,"_jetpack_memberships_contains_paid_content":false,"footnotes":"","jetpack_publicize_message":"","jetpack_publicize_feature_enabled":true,"jetpack_social_post_already_shared":true,"jetpack_social_options":{"image_generator_settings":{"template":"highway","default_image_id":0,"font":"","enabled":false},"version":2}},"categories":[38],"tags":[],"class_list":["post-12233","post","type-post","status-publish","format-standard","has-post-thumbnail","hentry","category-archive"],"jetpack_publicize_connections":[],"jetpack_featured_media_url":"https:\/\/tschaikowsky-saal.de\/wp-content\/uploads\/2025\/02\/Ensemblefoto-Sophia-Hegewald-scaled.jpeg","jetpack_sharing_enabled":true,"jetpack_shortlink":"https:\/\/wp.me\/p5HoJ6-3bj","_links":{"self":[{"href":"https:\/\/tschaikowsky-saal.de\/de\/wp-json\/wp\/v2\/posts\/12233","targetHints":{"allow":["GET"]}}],"collection":[{"href":"https:\/\/tschaikowsky-saal.de\/de\/wp-json\/wp\/v2\/posts"}],"about":[{"href":"https:\/\/tschaikowsky-saal.de\/de\/wp-json\/wp\/v2\/types\/post"}],"author":[{"embeddable":true,"href":"https:\/\/tschaikowsky-saal.de\/de\/wp-json\/wp\/v2\/users\/6"}],"replies":[{"embeddable":true,"href":"https:\/\/tschaikowsky-saal.de\/de\/wp-json\/wp\/v2\/comments?post=12233"}],"version-history":[{"count":2,"href":"https:\/\/tschaikowsky-saal.de\/de\/wp-json\/wp\/v2\/posts\/12233\/revisions"}],"predecessor-version":[{"id":12236,"href":"https:\/\/tschaikowsky-saal.de\/de\/wp-json\/wp\/v2\/posts\/12233\/revisions\/12236"}],"wp:featuredmedia":[{"embeddable":true,"href":"https:\/\/tschaikowsky-saal.de\/de\/wp-json\/wp\/v2\/media\/12234"}],"wp:attachment":[{"href":"https:\/\/tschaikowsky-saal.de\/de\/wp-json\/wp\/v2\/media?parent=12233"}],"wp:term":[{"taxonomy":"category","embeddable":true,"href":"https:\/\/tschaikowsky-saal.de\/de\/wp-json\/wp\/v2\/categories?post=12233"},{"taxonomy":"post_tag","embeddable":true,"href":"https:\/\/tschaikowsky-saal.de\/de\/wp-json\/wp\/v2\/tags?post=12233"}],"curies":[{"name":"wp","href":"https:\/\/api.w.org\/{rel}","templated":true}]}}