{"id":10785,"date":"2020-02-22T18:25:53","date_gmt":"2020-02-22T14:25:53","guid":{"rendered":"https:\/\/tschaikowsky-saal.de\/?p=10785"},"modified":"2020-10-31T14:34:06","modified_gmt":"2020-10-31T10:34:06","slug":"freitag-30-oktober-2020-18-30","status":"publish","type":"post","link":"https:\/\/tschaikowsky-saal.de\/de\/freitag-30-oktober-2020-18-30\/","title":{"rendered":"Freitag, 30. Oktober 2020, 18:30 UND 20:30 Uhr"},"content":{"rendered":"<p>&nbsp;<\/p>\n<p><a href=\"https:\/\/tschaikowsky-saal.de\/wp-content\/uploads\/2020\/02\/Duo-Dopico-Foto.jpg\" data-rel=\"lightbox-image-0\" data-rl_title=\"\" data-rl_caption=\"\" title=\"\"><img loading=\"lazy\" decoding=\"async\" class=\"alignleft wp-image-10786 size-medium\" src=\"https:\/\/tschaikowsky-saal.de\/wp-content\/uploads\/2020\/02\/Duo-Dopico-Foto-200x300.jpg\" alt=\"\" width=\"200\" height=\"300\" srcset=\"https:\/\/tschaikowsky-saal.de\/wp-content\/uploads\/2020\/02\/Duo-Dopico-Foto-200x300.jpg 200w, https:\/\/tschaikowsky-saal.de\/wp-content\/uploads\/2020\/02\/Duo-Dopico-Foto-683x1024.jpg 683w, https:\/\/tschaikowsky-saal.de\/wp-content\/uploads\/2020\/02\/Duo-Dopico-Foto-768x1152.jpg 768w, https:\/\/tschaikowsky-saal.de\/wp-content\/uploads\/2020\/02\/Duo-Dopico-Foto.jpg 1024w\" sizes=\"auto, (max-width: 200px) 100vw, 200px\" \/><\/a>Deutschland und Spanien \u2013 zwei L\u00e4nder, zwei Kulturen, mit denen sich die K\u00fcnstlerinnen Nora Scheidig und Cristina All\u00e9s Dopico an diesem Abend musikalisch befassen. Das Programm setzt sich aus romantischen Kompositionen des Ehepaar Clara und Robert Schumanns und spanischen Werken von Joaquin Turina und Manuel de Falla zusammen. Mit dem Blues von Maurice Ravel bekommt das Konzert einen weiteren Farbtupfer.<br \/>\nDie international mehrfach pr\u00e4mierten K\u00fcnstlerinnen gaben 2016 ihr gemeinsames Deb\u00fct als Duo Dopico und konzertieren seither in namhaften Kammermusikreihen im In- und Ausland. Im August 2020 erschien die erste CD des Duos.<\/p>\n<p><a href=\"https:\/\/www.duo-dopico.de\/\" target=\"_blank\" rel=\"noopener noreferrer\">Weitere Informationen \u00fcber die K\u00fcnstlerinnen<\/a><\/p>\n<p>&nbsp;<\/p>\n<p>&nbsp;<\/p>\n<p>&nbsp;<\/p>\n<p><strong>Programm<\/strong><\/p>\n<p><strong>I Konzert 18:30 Uhr<\/strong><\/p>\n<p><strong>Clara Schumann \/ 1819-1896<\/strong>\u00a0 Drei Romanzen f\u00fcr Violine und Klavier, op. 22<br \/>\nAndante molto, Allegretto, Leidenschaftlich schnell<\/p>\n<p><strong>Robert Schumann \/ 1810-1856<\/strong>\u00a0 Sonate f\u00fcr Klavier und Violine in a-Moll, op. 105<br \/>\nMit leidenschaftlichem Ausdruck, Allegretto, Lebhaft<\/p>\n<p><strong>Manuel de Falla \/ 1876-1946<\/strong>\u00a0 Siete canciones populares espa\u00f1olas<br \/>\nEl pa\u00f1o moruno, Seguidilla murciana, Asturiana, Jota, Nana, Canci\u00f3n, Polo<\/p>\n<p><strong>II Konzert 20:30 Uhr<\/strong><\/p>\n<p><strong>Clara Schumann \/ 1819-1896<\/strong>\u00a0 Drei Romanzen f\u00fcr Violine und Klavier, op. 22<br \/>\nAndante molto, Allegretto, Leidenschaftlich schnell<\/p>\n<p><strong>Joaqu\u00edn Turina \/ 1882-1949<\/strong>\u00a0 Sonate f\u00fcr Violine und Klavier Nr.1, op. 51<br \/>\nLento &#8211; Allegro molto Aria, Lento Rondeau, Allegretto<\/p>\n<p><strong>Maurice Ravel \/ 1875-1937<\/strong>\u00a0 Aus der Sonate f\u00fcr Violine und Klavier<br \/>\nBlues<\/p>\n<p><strong>Manuel de Falla \/ 1876-1946<\/strong>\u00a0 Siete canciones populares espa\u00f1olas<br \/>\nEl pa\u00f1o moruno, Seguidilla murciana, Asturiana, Jota, Nana, Canci\u00f3n, Polo<\/p>\n<p><strong>Tickets<\/strong><\/p>\n<p><strong>VVK<\/strong>: 18 Euro\/erm. 12 Euro zzgl.Kassengeb\u00fchren<b><br \/>\n<\/b><a href=\"https:\/\/www.konzertkassegerdes.de\/\" target=\"_blank\" rel=\"noopener noreferrer\">Konzertkasse Gerdes<\/a> \/ 040 \u2013 44 02 98<br \/>\nErm\u00e4\u00dfigung hat ihre G\u00fcltigkeit f\u00fcr Studenten und Menschen mit Behinderungen und\u00a0Sozialhilfeempf\u00e4nger unter Vorlage des entsprechenden Nachweises.<br \/>\nOnlineverkauf: <a href=\"https:\/\/www.eventim.de\/event\/internationale-tschaikowsky-tage-hamburg-tschaikowsky-saal-13139237\/?affiliate=TUG\">Eventim<\/a><br \/>\n<strong>Reservierung<\/strong>: 20 Euro\/erm. 12 Euro per E-Mail\u00a0<a href=\"https:\/\/e.mail.ru\/compose\/?mailto=mailto%3ainfo@tsaal.de\" target=\"_blank\" rel=\"noopener noreferrer\">info@tsaal.de<\/a><br \/>\nACHTUNG! Die Zahl der verf\u00fcgbaren Pl\u00e4tze ist durch die Hygienevorschriften begrenzt!<\/p>","protected":false},"excerpt":{"rendered":"<p>Die Schumanns und die Spanier. <\/p>\n<p>Duo Dopico<span class=\"entry-read-more\"><a href=\"https:\/\/tschaikowsky-saal.de\/de\/freitag-30-oktober-2020-18-30\/\" class=\"cs-btn cs-btn-flat cs-btn-rounded cs-btn-xxs cs-btn-flat-accent\">Weiterlesen<\/a><\/span><\/p>\n","protected":false},"author":6,"featured_media":10786,"comment_status":"open","ping_status":"closed","sticky":false,"template":"","format":"standard","meta":{"jetpack_post_was_ever_published":false,"_jetpack_newsletter_access":"","_jetpack_dont_email_post_to_subs":false,"_jetpack_newsletter_tier_id":0,"_jetpack_memberships_contains_paywalled_content":false,"_jetpack_memberships_contains_paid_content":false,"footnotes":"","jetpack_publicize_message":"","jetpack_publicize_feature_enabled":true,"jetpack_social_post_already_shared":true,"jetpack_social_options":{"image_generator_settings":{"template":"highway","default_image_id":0,"font":"","enabled":false},"version":2}},"categories":[38],"tags":[],"class_list":["post-10785","post","type-post","status-publish","format-standard","has-post-thumbnail","hentry","category-archive"],"jetpack_publicize_connections":[],"jetpack_featured_media_url":"https:\/\/tschaikowsky-saal.de\/wp-content\/uploads\/2020\/02\/Duo-Dopico-Foto.jpg","jetpack_sharing_enabled":true,"jetpack_shortlink":"https:\/\/wp.me\/p5HoJ6-2NX","_links":{"self":[{"href":"https:\/\/tschaikowsky-saal.de\/de\/wp-json\/wp\/v2\/posts\/10785","targetHints":{"allow":["GET"]}}],"collection":[{"href":"https:\/\/tschaikowsky-saal.de\/de\/wp-json\/wp\/v2\/posts"}],"about":[{"href":"https:\/\/tschaikowsky-saal.de\/de\/wp-json\/wp\/v2\/types\/post"}],"author":[{"embeddable":true,"href":"https:\/\/tschaikowsky-saal.de\/de\/wp-json\/wp\/v2\/users\/6"}],"replies":[{"embeddable":true,"href":"https:\/\/tschaikowsky-saal.de\/de\/wp-json\/wp\/v2\/comments?post=10785"}],"version-history":[{"count":10,"href":"https:\/\/tschaikowsky-saal.de\/de\/wp-json\/wp\/v2\/posts\/10785\/revisions"}],"predecessor-version":[{"id":10970,"href":"https:\/\/tschaikowsky-saal.de\/de\/wp-json\/wp\/v2\/posts\/10785\/revisions\/10970"}],"wp:featuredmedia":[{"embeddable":true,"href":"https:\/\/tschaikowsky-saal.de\/de\/wp-json\/wp\/v2\/media\/10786"}],"wp:attachment":[{"href":"https:\/\/tschaikowsky-saal.de\/de\/wp-json\/wp\/v2\/media?parent=10785"}],"wp:term":[{"taxonomy":"category","embeddable":true,"href":"https:\/\/tschaikowsky-saal.de\/de\/wp-json\/wp\/v2\/categories?post=10785"},{"taxonomy":"post_tag","embeddable":true,"href":"https:\/\/tschaikowsky-saal.de\/de\/wp-json\/wp\/v2\/tags?post=10785"}],"curies":[{"name":"wp","href":"https:\/\/api.w.org\/{rel}","templated":true}]}}